{"id":1480,"date":"2015-12-31T09:37:59","date_gmt":"2015-12-31T08:37:59","guid":{"rendered":"http:\/\/www.gewandfantasien.de\/bloggen\/?p=1480"},"modified":"2023-01-02T22:44:20","modified_gmt":"2023-01-02T21:44:20","slug":"rueckblick-dezember-ach-was-gleich-ganz-2015","status":"publish","type":"post","link":"https:\/\/www.gewandfantasien.de\/bloggen\/2015\/12\/rueckblick-dezember-ach-was-gleich-ganz-2015\/","title":{"rendered":"R\u00fcckblick Dezember &#8211; ach was, gleich ganz 2015!"},"content":{"rendered":"<p>Was ein Monat. Und was ein Jahr. Diesen Monat wird es tats\u00e4chlich mal wieder etwas pers\u00f6nlicher, einen Tip habe ich aber trotzdem f\u00fcr dich. Ist klar, oder? Denn jetzt ist ja die Zeit f\u00fcr einen R\u00fcckblick und gute Vors\u00e4tze und so.<\/p>\n<p>Also starten wir mal gleich mit dem Tip bzw. der Lese-Empfehlung: <a href=\"http:\/\/www.um180grad.de\/die-anti-vorsatzliste\/\" target=\"_blank\" rel=\"noopener\">Die Anti-Vorsatzliste f\u00fcr 2016<\/a>. Ja, du liest ganz richtig. Anti-Vors\u00e4tze. Carina von um180Grad hat das ganze so sch\u00f6n schon zusammengefasst. \u00dcberall hei\u00dft es, nimm dir was vor f\u00fcr 2016. Tja und dann? Wenn ich in 2014 und 2015 eins gelernt habe, dann dass das eh f\u00fcr die Katz ist. Ziele, ok. Das ist was anderes. Aber Vors\u00e4tze? Ich kann mich ehrlich gesagt nichtmal an meine erinnern. Hatte ich welche? Bestimmt sowas wie regelm\u00e4\u00dfiger die Buchhaltung machen (\u00e4hm&#8230; ja, reden wir \u00fcber was anderes?). Wie ist das bei dir? Kriegst du noch die f\u00fcr 2015 zusammen?<\/p>\n<p>Lustig ist allerdings der Vergleich mit meiner Vision zum Thema &#8222;<a href=\"http:\/\/www.gewandfantasien.de\/bloggen\/2014\/02\/ddf-wo-seht-ihr-euch-in-zwei-und-in-funf-jahren\/\" target=\"_blank\" rel=\"noopener\">wo bin ich in zwei\u00a0 und f\u00fcnf Jahren<\/a>&#8220; vom Februar 2014. Teile von der f\u00fcr in 2 Jahren (also Februar 2016) stimmen. Und auch Teile von der Vision in 5 Jahren sind schon quasi abgehakt. Gar nicht so schlecht, oder? Ich arbeite dann mal noch am Rest.<\/p>\n<p>Und wo wir gerade bei arbeiten sind. Eigentlich m\u00fcsste ich gerade meine Preise alle neu kalkulieren. Ihr habt n\u00e4mlich so viel bei mir gekauft, dass ich ab n\u00e4chstes Jahr kein Kleinunternehmer mehr bin. Aber ich mag gerade nicht auf eine Tabelle starren. Die ich dann auch noch in den Shop \u00fcbertragen muss. Also prokrastiniere ich mit etwas, das ich sonst gerne prokrastiniere. Hat doch auch was, oder?<\/p>\n<p>Auf jeden Fall ist das jetzt die Stelle, an der ich jedem einzelnen danken m\u00f6chte, der bei mir gekauft hat. Oder der Werbung f\u00fcr mich gemacht hat. Oder mich einfach nur unterst\u00fctzt hat mit Rat, Tat oder da sein. Mit grandiosen Fotos. Mit Ideen. Mit&#8230; Ihr seid der Wahnsinn! Im September war schon klar, dass ich aus dem Kleinunternehmer-Status rausfalle. Und insgesamt sind wir bei einem Umsatz-Plus (also ohne Abzug von Ausgaben) von \u00fcber 40% im Vergleich zum Vorjahr! (an alle, die mich jetzt als Gesch\u00e4ftsf\u00fchrer abwerben wollen: das klappt nur, weil ich meinen jetzigen &#8222;Job&#8220; einfach liebe!) Das muss einfach mal gesagt werden. Was ein Sprung! Und tats\u00e4chlich m\u00fcsste ich eigentlich auch jetzt n\u00e4hen statt Zahlen (\u00e4hm, nicht) zu schubsen. Aber irgendwann muss ich ja. Daf\u00fcr bin ich aber auch schon f\u00fcr Januar bis eigentlich Mitte Februar gut ausgebucht.<\/p>\n<p>Ansonsten hat sich pers\u00f6nlich viel getan, das hast du ja mitbekommen. Zumindest, wenn du mir <a href=\"https:\/\/www.facebook.com\/Gewandfantasien\/\" target=\"_blank\" rel=\"noopener\">bei Facebook folgst<\/a>.<br \/>\nA) Wir bauen ein Haus. So mit gro\u00dfen Arbeitszimmer und Lagerraum f\u00fcr mich. Aber daf\u00fcr etwas au\u00dferhalb von Hamburg. Mal sehen, wann das fertig wird. Derzeit rechnen wir mal grob mit einem Umzug Ende Mai\/Anfang Juni. Das w\u00e4re dann zu Beginn des &#8222;Sommerlochs&#8220; und damit ja ganz gut vom Timing.<br \/>\nB) Das eine Kinderzimmer kriegt auch direkt einen Bewohner (oder Bewohnerin, es will sich bisher nicht outen). Schl\u00fcpfzeit f\u00fcr die Raupe ist irgendwann im April. Und ein bi\u00dfchen kann ich auch noch mit meinem ganz frischen Neffen \u00fcben bis dahin. Tante bin ich n\u00e4mlich seit 30.12. nun auch zum ersten Mal. Ein richtiges Babyjahr werde ich zwar nicht einlegen, manches wird aber wohl l\u00e4nger dauern in 2016. Aber das sage ich dir dann rechtzeitig.<\/p>\n<p>Pl\u00e4ne f\u00fcr 2016 mit Gewandfantasien gibt es nat\u00fcrlich. Ein paar Dinge wie die <a href=\"http:\/\/www.gewandfantasien.de\/bloggen\/2015\/11\/fuer-2016-messe-und-preisanpassung\/\">Larpwerker Convention<\/a> hatte ich ja schon genannt. Au\u00dferdem m\u00f6chte ich noch mehr Kost\u00fcme und Zubeh\u00f6r f\u00fcr dich zum ausleihen anbieten. In Zukunft werde ich daf\u00fcr ja auch etwas mehr Lagerfl\u00e4che haben. Was du aktuell ausleihen kannst, findest du bei Wishrent. Und nat\u00fcrlich hoffe ich auf weiterhin so tolle Zusammenarbeiten mit Fotografen und Modellen, Schmuckdesignern und Visas wie in 2015. Und nat\u00fcrlich habe ich noch ein paar andere Pl\u00e4ne (da war ja noch sowas wie alltagstaugliche Sachen oder auch eine Linie von Brautkleidern) aber da werde ich schauen m\u00fcssen, was Haus und Kind an Zeit \u00fcber lassen. Und nat\u00fcrlich, wie viele Bestellungen reinkommen. Die haben nat\u00fcrlich Priorit\u00e4t.<\/p>\n<p>Die letzten Stunden 2015 werde ich also damit verbringen, die neuen Preise f\u00fcr dich und mich ertr\u00e4glich zu gestalten. Und heute abend dann ein bi\u00dfchen &#8211; ohne Alkohol nat\u00fcrlich &#8211; auf ein fantastisches Jahr 2015 und ein hoffentlich ebenso grandioses 2016 ansto\u00dfen. Und in Gedanken auf euch alle, meine Kunden, Kollegen, Freunde, Modelle, Fotografen usw.<\/p>\n<p>Soviel zu meinem R\u00fcckblick. Kommt gut ins Neue Jahr und ich w\u00fcnsche euch allen, dass 2016 einfach grandios wird!<\/p>\n<p>Liebe Gr\u00fc\u00dfe<br \/>\nAndrea<\/p>\n","protected":false},"excerpt":{"rendered":"<p>Was ein Monat. Und was ein Jahr. Diesen Monat wird es tats\u00e4chlich mal wieder etwas pers\u00f6nlicher, einen Tip habe ich aber trotzdem f\u00fcr dich. Ist klar, oder? Denn jetzt ist ja die Zeit f\u00fcr einen R\u00fcckblick und gute Vors\u00e4tze und so. Also starten wir mal gleich mit dem Tip bzw. der Lese-Empfehlung: Die Anti-Vorsatzliste f\u00fcr [&hellip;]<\/p>\n","protected":false},"author":754,"featured_media":1482,"comment_status":"open","ping_status":"open","sticky":false,"template":"","format":"standard","meta":{"site-sidebar-layout":"default","site-content-layout":"","ast-site-content-layout":"default","site-content-style":"default","site-sidebar-style":"default","ast-global-header-display":"","ast-banner-title-visibility":"","ast-main-header-display":"","ast-hfb-above-header-display":"","ast-hfb-below-header-display":"","ast-hfb-mobile-header-display":"","site-post-title":"","ast-breadcrumbs-content":"","ast-featured-img":"","footer-sml-layout":"","ast-disable-related-posts":"","theme-transparent-header-meta":"","adv-header-id-meta":"","stick-header-meta":"","header-above-stick-meta":"","header-main-stick-meta":"","header-below-stick-meta":"","astra-migrate-meta-layouts":"default","ast-page-background-enabled":"default","ast-page-background-meta":{"desktop":{"background-color":"var(--ast-global-color-4)","background-image":"","background-repeat":"repeat","background-position":"center center","background-size":"auto","background-attachment":"scroll","background-type":"","background-media":"","overlay-type":"","overlay-color":"","overlay-opacity":"","overlay-gradient":""},"tablet":{"background-color":"","background-image":"","background-repeat":"repeat","background-position":"center center","background-size":"auto","background-attachment":"scroll","background-type":"","background-media":"","overlay-type":"","overlay-color":"","overlay-opacity":"","overlay-gradient":""},"mobile":{"background-color":"","background-image":"","background-repeat":"repeat","background-position":"center center","background-size":"auto","background-attachment":"scroll","background-type":"","background-media":"","overlay-type":"","overlay-color":"","overlay-opacity":"","overlay-gradient":""}},"ast-content-background-meta":{"desktop":{"background-color":"var(--ast-global-color-5)","background-image":"","background-repeat":"repeat","background-position":"center center","background-size":"auto","background-attachment":"scroll","background-type":"","background-media":"","overlay-type":"","overlay-color":"","overlay-opacity":"","overlay-gradient":""},"tablet":{"background-color":"var(--ast-global-color-5)","background-image":"","background-repeat":"repeat","background-position":"center center","background-size":"auto","background-attachment":"scroll","background-type":"","background-media":"","overlay-type":"","overlay-color":"","overlay-opacity":"","overlay-gradient":""},"mobile":{"background-color":"var(--ast-global-color-5)","background-image":"","background-repeat":"repeat","background-position":"center center","background-size":"auto","background-attachment":"scroll","background-type":"","background-media":"","overlay-type":"","overlay-color":"","overlay-opacity":"","overlay-gradient":""}},"footnotes":""},"categories":[106],"tags":[11,64],"class_list":["post-1480","post","type-post","status-publish","format-standard","has-post-thumbnail","hentry","category-ueberarbeiten","tag-reviews-und-empfehlungen","tag-rueckblick"],"yoast_head":"<!-- This site is optimized with the Yoast SEO plugin v27.5 - https:\/\/yoast.com\/product\/yoast-seo-wordpress\/ -->\n<title>R\u00fcckblick Dezember - ach was, gleich ganz 2015! - Gewandfantasien<\/title>\n<meta name=\"description\" content=\"Ein R\u00fcckblick auf 2015. Danke an jeden einzelnen von euch f\u00fcrs kaufen, unterst\u00fctzen, Ideen entwickeln, den R\u00fccken st\u00e4rken etc. Und auf nach 2016\" \/>\n<meta name=\"robots\" content=\"index, follow, max-snippet:-1, max-image-preview:large, max-video-preview:-1\" \/>\n<link rel=\"canonical\" href=\"https:\/\/www.gewandfantasien.de\/bloggen\/2015\/12\/rueckblick-dezember-ach-was-gleich-ganz-2015\/\" \/>\n<meta property=\"og:locale\" content=\"de_DE\" \/>\n<meta property=\"og:type\" content=\"article\" \/>\n<meta property=\"og:title\" content=\"R\u00fcckblick Dezember - ach was, gleich ganz 2015! - Gewandfantasien\" \/>\n<meta property=\"og:description\" content=\"Ein R\u00fcckblick auf 2015. Danke an jeden einzelnen von euch f\u00fcrs kaufen, unterst\u00fctzen, Ideen entwickeln, den R\u00fccken st\u00e4rken etc. Und auf nach 2016\" \/>\n<meta property=\"og:url\" content=\"https:\/\/www.gewandfantasien.de\/bloggen\/2015\/12\/rueckblick-dezember-ach-was-gleich-ganz-2015\/\" \/>\n<meta property=\"og:site_name\" content=\"Gewandfantasien\" \/>\n<meta property=\"article:publisher\" content=\"https:\/\/www.facebook.com\/Gewandfantasien\" \/>\n<meta property=\"article:author\" content=\"https:\/\/www.facebook.com\/Gewandfantasien\" \/>\n<meta property=\"article:published_time\" content=\"2015-12-31T08:37:59+00:00\" \/>\n<meta property=\"article:modified_time\" content=\"2023-01-02T21:44:20+00:00\" \/>\n<meta property=\"og:image\" content=\"https:\/\/www.gewandfantasien.de\/bloggen\/wp-content\/uploads\/2015\/12\/An-alle-Fans-Kunden-und-Freunde.jpg\" \/>\n\t<meta property=\"og:image:width\" content=\"940\" \/>\n\t<meta property=\"og:image:height\" content=\"788\" \/>\n\t<meta property=\"og:image:type\" content=\"image\/jpeg\" \/>\n<meta name=\"author\" content=\"Andrea\" \/>\n<meta name=\"twitter:card\" content=\"summary_large_image\" \/>\n<meta name=\"twitter:creator\" content=\"@Gewandfantasien\" \/>\n<meta name=\"twitter:site\" content=\"@Gewandfantasien\" \/>\n<meta name=\"twitter:label1\" content=\"Verfasst von\" \/>\n\t<meta name=\"twitter:data1\" content=\"Andrea\" \/>\n\t<meta name=\"twitter:label2\" content=\"Gesch\u00e4tzte Lesezeit\" \/>\n\t<meta name=\"twitter:data2\" content=\"4\u00a0Minuten\" \/>\n<script type=\"application\/ld+json\" class=\"yoast-schema-graph\">{\"@context\":\"https:\\\/\\\/schema.org\",\"@graph\":[{\"@type\":\"Article\",\"@id\":\"https:\\\/\\\/www.gewandfantasien.de\\\/bloggen\\\/2015\\\/12\\\/rueckblick-dezember-ach-was-gleich-ganz-2015\\\/#article\",\"isPartOf\":{\"@id\":\"https:\\\/\\\/www.gewandfantasien.de\\\/bloggen\\\/2015\\\/12\\\/rueckblick-dezember-ach-was-gleich-ganz-2015\\\/\"},\"author\":{\"name\":\"Andrea\",\"@id\":\"https:\\\/\\\/www.gewandfantasien.de\\\/bloggen\\\/#\\\/schema\\\/person\\\/8cd6eb5a248eb136e1f30de5978e39a0\"},\"headline\":\"R\u00fcckblick Dezember &#8211; ach was, gleich ganz 2015!\",\"datePublished\":\"2015-12-31T08:37:59+00:00\",\"dateModified\":\"2023-01-02T21:44:20+00:00\",\"mainEntityOfPage\":{\"@id\":\"https:\\\/\\\/www.gewandfantasien.de\\\/bloggen\\\/2015\\\/12\\\/rueckblick-dezember-ach-was-gleich-ganz-2015\\\/\"},\"wordCount\":807,\"commentCount\":0,\"publisher\":{\"@id\":\"https:\\\/\\\/www.gewandfantasien.de\\\/bloggen\\\/#organization\"},\"image\":{\"@id\":\"https:\\\/\\\/www.gewandfantasien.de\\\/bloggen\\\/2015\\\/12\\\/rueckblick-dezember-ach-was-gleich-ganz-2015\\\/#primaryimage\"},\"thumbnailUrl\":\"https:\\\/\\\/www.gewandfantasien.de\\\/bloggen\\\/wp-content\\\/uploads\\\/2015\\\/12\\\/An-alle-Fans-Kunden-und-Freunde.jpg\",\"keywords\":[\"Reviews und Empfehlungen\",\"R\u00fcckblick\"],\"articleSection\":[\"\u00dcberarbeiten\"],\"inLanguage\":\"de\",\"potentialAction\":[{\"@type\":\"CommentAction\",\"name\":\"Comment\",\"target\":[\"https:\\\/\\\/www.gewandfantasien.de\\\/bloggen\\\/2015\\\/12\\\/rueckblick-dezember-ach-was-gleich-ganz-2015\\\/#respond\"]}]},{\"@type\":\"WebPage\",\"@id\":\"https:\\\/\\\/www.gewandfantasien.de\\\/bloggen\\\/2015\\\/12\\\/rueckblick-dezember-ach-was-gleich-ganz-2015\\\/\",\"url\":\"https:\\\/\\\/www.gewandfantasien.de\\\/bloggen\\\/2015\\\/12\\\/rueckblick-dezember-ach-was-gleich-ganz-2015\\\/\",\"name\":\"R\u00fcckblick Dezember - ach was, gleich ganz 2015! - Gewandfantasien\",\"isPartOf\":{\"@id\":\"https:\\\/\\\/www.gewandfantasien.de\\\/bloggen\\\/#website\"},\"primaryImageOfPage\":{\"@id\":\"https:\\\/\\\/www.gewandfantasien.de\\\/bloggen\\\/2015\\\/12\\\/rueckblick-dezember-ach-was-gleich-ganz-2015\\\/#primaryimage\"},\"image\":{\"@id\":\"https:\\\/\\\/www.gewandfantasien.de\\\/bloggen\\\/2015\\\/12\\\/rueckblick-dezember-ach-was-gleich-ganz-2015\\\/#primaryimage\"},\"thumbnailUrl\":\"https:\\\/\\\/www.gewandfantasien.de\\\/bloggen\\\/wp-content\\\/uploads\\\/2015\\\/12\\\/An-alle-Fans-Kunden-und-Freunde.jpg\",\"datePublished\":\"2015-12-31T08:37:59+00:00\",\"dateModified\":\"2023-01-02T21:44:20+00:00\",\"description\":\"Ein R\u00fcckblick auf 2015. Danke an jeden einzelnen von euch f\u00fcrs kaufen, unterst\u00fctzen, Ideen entwickeln, den R\u00fccken st\u00e4rken etc. Und auf nach 2016\",\"breadcrumb\":{\"@id\":\"https:\\\/\\\/www.gewandfantasien.de\\\/bloggen\\\/2015\\\/12\\\/rueckblick-dezember-ach-was-gleich-ganz-2015\\\/#breadcrumb\"},\"inLanguage\":\"de\",\"potentialAction\":[{\"@type\":\"ReadAction\",\"target\":[\"https:\\\/\\\/www.gewandfantasien.de\\\/bloggen\\\/2015\\\/12\\\/rueckblick-dezember-ach-was-gleich-ganz-2015\\\/\"]}]},{\"@type\":\"ImageObject\",\"inLanguage\":\"de\",\"@id\":\"https:\\\/\\\/www.gewandfantasien.de\\\/bloggen\\\/2015\\\/12\\\/rueckblick-dezember-ach-was-gleich-ganz-2015\\\/#primaryimage\",\"url\":\"https:\\\/\\\/www.gewandfantasien.de\\\/bloggen\\\/wp-content\\\/uploads\\\/2015\\\/12\\\/An-alle-Fans-Kunden-und-Freunde.jpg\",\"contentUrl\":\"https:\\\/\\\/www.gewandfantasien.de\\\/bloggen\\\/wp-content\\\/uploads\\\/2015\\\/12\\\/An-alle-Fans-Kunden-und-Freunde.jpg\",\"width\":940,\"height\":788,\"caption\":\"R\u00fcckblick 2015\"},{\"@type\":\"BreadcrumbList\",\"@id\":\"https:\\\/\\\/www.gewandfantasien.de\\\/bloggen\\\/2015\\\/12\\\/rueckblick-dezember-ach-was-gleich-ganz-2015\\\/#breadcrumb\",\"itemListElement\":[{\"@type\":\"ListItem\",\"position\":1,\"name\":\"Startseite\",\"item\":\"https:\\\/\\\/www.gewandfantasien.de\\\/bloggen\\\/\"},{\"@type\":\"ListItem\",\"position\":2,\"name\":\"R\u00fcckblick Dezember &#8211; ach was, gleich ganz 2015!\"}]},{\"@type\":\"WebSite\",\"@id\":\"https:\\\/\\\/www.gewandfantasien.de\\\/bloggen\\\/#website\",\"url\":\"https:\\\/\\\/www.gewandfantasien.de\\\/bloggen\\\/\",\"name\":\"Gewandfantasien\",\"description\":\"Dress your Fantasy\",\"publisher\":{\"@id\":\"https:\\\/\\\/www.gewandfantasien.de\\\/bloggen\\\/#organization\"},\"potentialAction\":[{\"@type\":\"SearchAction\",\"target\":{\"@type\":\"EntryPoint\",\"urlTemplate\":\"https:\\\/\\\/www.gewandfantasien.de\\\/bloggen\\\/?s={search_term_string}\"},\"query-input\":{\"@type\":\"PropertyValueSpecification\",\"valueRequired\":true,\"valueName\":\"search_term_string\"}}],\"inLanguage\":\"de\"},{\"@type\":\"Organization\",\"@id\":\"https:\\\/\\\/www.gewandfantasien.de\\\/bloggen\\\/#organization\",\"name\":\"Gewandfantasien\",\"url\":\"https:\\\/\\\/www.gewandfantasien.de\\\/bloggen\\\/\",\"logo\":{\"@type\":\"ImageObject\",\"inLanguage\":\"de\",\"@id\":\"https:\\\/\\\/www.gewandfantasien.de\\\/bloggen\\\/#\\\/schema\\\/logo\\\/image\\\/\",\"url\":\"https:\\\/\\\/www.gewandfantasien.de\\\/bloggen\\\/wp-content\\\/uploads\\\/2018\\\/03\\\/logo_gewandfantasien_kurz.png\",\"contentUrl\":\"https:\\\/\\\/www.gewandfantasien.de\\\/bloggen\\\/wp-content\\\/uploads\\\/2018\\\/03\\\/logo_gewandfantasien_kurz.png\",\"width\":250,\"height\":250,\"caption\":\"Gewandfantasien\"},\"image\":{\"@id\":\"https:\\\/\\\/www.gewandfantasien.de\\\/bloggen\\\/#\\\/schema\\\/logo\\\/image\\\/\"},\"sameAs\":[\"https:\\\/\\\/www.facebook.com\\\/Gewandfantasien\",\"https:\\\/\\\/x.com\\\/Gewandfantasien\",\"http:\\\/\\\/instagram.com\\\/gewandfantasien\",\"http:\\\/\\\/pinterest.com\\\/gewandfantasien\\\/\"]},{\"@type\":\"Person\",\"@id\":\"https:\\\/\\\/www.gewandfantasien.de\\\/bloggen\\\/#\\\/schema\\\/person\\\/8cd6eb5a248eb136e1f30de5978e39a0\",\"name\":\"Andrea\",\"sameAs\":[\"http:\\\/\\\/www.gewandfantasien.de\",\"https:\\\/\\\/www.facebook.com\\\/Gewandfantasien\",\"http:\\\/\\\/instagram.com\\\/gewandfantasien\",\"https:\\\/\\\/x.com\\\/Gewandfantasien\"]}]}<\/script>\n<!-- \/ Yoast SEO plugin. -->","yoast_head_json":{"title":"R\u00fcckblick Dezember - ach was, gleich ganz 2015! - Gewandfantasien","description":"Ein R\u00fcckblick auf 2015. Danke an jeden einzelnen von euch f\u00fcrs kaufen, unterst\u00fctzen, Ideen entwickeln, den R\u00fccken st\u00e4rken etc. Und auf nach 2016","robots":{"index":"index","follow":"follow","max-snippet":"max-snippet:-1","max-image-preview":"max-image-preview:large","max-video-preview":"max-video-preview:-1"},"canonical":"https:\/\/www.gewandfantasien.de\/bloggen\/2015\/12\/rueckblick-dezember-ach-was-gleich-ganz-2015\/","og_locale":"de_DE","og_type":"article","og_title":"R\u00fcckblick Dezember - ach was, gleich ganz 2015! - Gewandfantasien","og_description":"Ein R\u00fcckblick auf 2015. Danke an jeden einzelnen von euch f\u00fcrs kaufen, unterst\u00fctzen, Ideen entwickeln, den R\u00fccken st\u00e4rken etc. Und auf nach 2016","og_url":"https:\/\/www.gewandfantasien.de\/bloggen\/2015\/12\/rueckblick-dezember-ach-was-gleich-ganz-2015\/","og_site_name":"Gewandfantasien","article_publisher":"https:\/\/www.facebook.com\/Gewandfantasien","article_author":"https:\/\/www.facebook.com\/Gewandfantasien","article_published_time":"2015-12-31T08:37:59+00:00","article_modified_time":"2023-01-02T21:44:20+00:00","og_image":[{"width":940,"height":788,"url":"https:\/\/www.gewandfantasien.de\/bloggen\/wp-content\/uploads\/2015\/12\/An-alle-Fans-Kunden-und-Freunde.jpg","type":"image\/jpeg"}],"author":"Andrea","twitter_card":"summary_large_image","twitter_creator":"@Gewandfantasien","twitter_site":"@Gewandfantasien","twitter_misc":{"Verfasst von":"Andrea","Gesch\u00e4tzte Lesezeit":"4\u00a0Minuten"},"schema":{"@context":"https:\/\/schema.org","@graph":[{"@type":"Article","@id":"https:\/\/www.gewandfantasien.de\/bloggen\/2015\/12\/rueckblick-dezember-ach-was-gleich-ganz-2015\/#article","isPartOf":{"@id":"https:\/\/www.gewandfantasien.de\/bloggen\/2015\/12\/rueckblick-dezember-ach-was-gleich-ganz-2015\/"},"author":{"name":"Andrea","@id":"https:\/\/www.gewandfantasien.de\/bloggen\/#\/schema\/person\/8cd6eb5a248eb136e1f30de5978e39a0"},"headline":"R\u00fcckblick Dezember &#8211; ach was, gleich ganz 2015!","datePublished":"2015-12-31T08:37:59+00:00","dateModified":"2023-01-02T21:44:20+00:00","mainEntityOfPage":{"@id":"https:\/\/www.gewandfantasien.de\/bloggen\/2015\/12\/rueckblick-dezember-ach-was-gleich-ganz-2015\/"},"wordCount":807,"commentCount":0,"publisher":{"@id":"https:\/\/www.gewandfantasien.de\/bloggen\/#organization"},"image":{"@id":"https:\/\/www.gewandfantasien.de\/bloggen\/2015\/12\/rueckblick-dezember-ach-was-gleich-ganz-2015\/#primaryimage"},"thumbnailUrl":"https:\/\/www.gewandfantasien.de\/bloggen\/wp-content\/uploads\/2015\/12\/An-alle-Fans-Kunden-und-Freunde.jpg","keywords":["Reviews und Empfehlungen","R\u00fcckblick"],"articleSection":["\u00dcberarbeiten"],"inLanguage":"de","potentialAction":[{"@type":"CommentAction","name":"Comment","target":["https:\/\/www.gewandfantasien.de\/bloggen\/2015\/12\/rueckblick-dezember-ach-was-gleich-ganz-2015\/#respond"]}]},{"@type":"WebPage","@id":"https:\/\/www.gewandfantasien.de\/bloggen\/2015\/12\/rueckblick-dezember-ach-was-gleich-ganz-2015\/","url":"https:\/\/www.gewandfantasien.de\/bloggen\/2015\/12\/rueckblick-dezember-ach-was-gleich-ganz-2015\/","name":"R\u00fcckblick Dezember - ach was, gleich ganz 2015! - Gewandfantasien","isPartOf":{"@id":"https:\/\/www.gewandfantasien.de\/bloggen\/#website"},"primaryImageOfPage":{"@id":"https:\/\/www.gewandfantasien.de\/bloggen\/2015\/12\/rueckblick-dezember-ach-was-gleich-ganz-2015\/#primaryimage"},"image":{"@id":"https:\/\/www.gewandfantasien.de\/bloggen\/2015\/12\/rueckblick-dezember-ach-was-gleich-ganz-2015\/#primaryimage"},"thumbnailUrl":"https:\/\/www.gewandfantasien.de\/bloggen\/wp-content\/uploads\/2015\/12\/An-alle-Fans-Kunden-und-Freunde.jpg","datePublished":"2015-12-31T08:37:59+00:00","dateModified":"2023-01-02T21:44:20+00:00","description":"Ein R\u00fcckblick auf 2015. Danke an jeden einzelnen von euch f\u00fcrs kaufen, unterst\u00fctzen, Ideen entwickeln, den R\u00fccken st\u00e4rken etc. Und auf nach 2016","breadcrumb":{"@id":"https:\/\/www.gewandfantasien.de\/bloggen\/2015\/12\/rueckblick-dezember-ach-was-gleich-ganz-2015\/#breadcrumb"},"inLanguage":"de","potentialAction":[{"@type":"ReadAction","target":["https:\/\/www.gewandfantasien.de\/bloggen\/2015\/12\/rueckblick-dezember-ach-was-gleich-ganz-2015\/"]}]},{"@type":"ImageObject","inLanguage":"de","@id":"https:\/\/www.gewandfantasien.de\/bloggen\/2015\/12\/rueckblick-dezember-ach-was-gleich-ganz-2015\/#primaryimage","url":"https:\/\/www.gewandfantasien.de\/bloggen\/wp-content\/uploads\/2015\/12\/An-alle-Fans-Kunden-und-Freunde.jpg","contentUrl":"https:\/\/www.gewandfantasien.de\/bloggen\/wp-content\/uploads\/2015\/12\/An-alle-Fans-Kunden-und-Freunde.jpg","width":940,"height":788,"caption":"R\u00fcckblick 2015"},{"@type":"BreadcrumbList","@id":"https:\/\/www.gewandfantasien.de\/bloggen\/2015\/12\/rueckblick-dezember-ach-was-gleich-ganz-2015\/#breadcrumb","itemListElement":[{"@type":"ListItem","position":1,"name":"Startseite","item":"https:\/\/www.gewandfantasien.de\/bloggen\/"},{"@type":"ListItem","position":2,"name":"R\u00fcckblick Dezember &#8211; ach was, gleich ganz 2015!"}]},{"@type":"WebSite","@id":"https:\/\/www.gewandfantasien.de\/bloggen\/#website","url":"https:\/\/www.gewandfantasien.de\/bloggen\/","name":"Gewandfantasien","description":"Dress your Fantasy","publisher":{"@id":"https:\/\/www.gewandfantasien.de\/bloggen\/#organization"},"potentialAction":[{"@type":"SearchAction","target":{"@type":"EntryPoint","urlTemplate":"https:\/\/www.gewandfantasien.de\/bloggen\/?s={search_term_string}"},"query-input":{"@type":"PropertyValueSpecification","valueRequired":true,"valueName":"search_term_string"}}],"inLanguage":"de"},{"@type":"Organization","@id":"https:\/\/www.gewandfantasien.de\/bloggen\/#organization","name":"Gewandfantasien","url":"https:\/\/www.gewandfantasien.de\/bloggen\/","logo":{"@type":"ImageObject","inLanguage":"de","@id":"https:\/\/www.gewandfantasien.de\/bloggen\/#\/schema\/logo\/image\/","url":"https:\/\/www.gewandfantasien.de\/bloggen\/wp-content\/uploads\/2018\/03\/logo_gewandfantasien_kurz.png","contentUrl":"https:\/\/www.gewandfantasien.de\/bloggen\/wp-content\/uploads\/2018\/03\/logo_gewandfantasien_kurz.png","width":250,"height":250,"caption":"Gewandfantasien"},"image":{"@id":"https:\/\/www.gewandfantasien.de\/bloggen\/#\/schema\/logo\/image\/"},"sameAs":["https:\/\/www.facebook.com\/Gewandfantasien","https:\/\/x.com\/Gewandfantasien","http:\/\/instagram.com\/gewandfantasien","http:\/\/pinterest.com\/gewandfantasien\/"]},{"@type":"Person","@id":"https:\/\/www.gewandfantasien.de\/bloggen\/#\/schema\/person\/8cd6eb5a248eb136e1f30de5978e39a0","name":"Andrea","sameAs":["http:\/\/www.gewandfantasien.de","https:\/\/www.facebook.com\/Gewandfantasien","http:\/\/instagram.com\/gewandfantasien","https:\/\/x.com\/Gewandfantasien"]}]}},"_links":{"self":[{"href":"https:\/\/www.gewandfantasien.de\/bloggen\/wp-json\/wp\/v2\/posts\/1480","targetHints":{"allow":["GET"]}}],"collection":[{"href":"https:\/\/www.gewandfantasien.de\/bloggen\/wp-json\/wp\/v2\/posts"}],"about":[{"href":"https:\/\/www.gewandfantasien.de\/bloggen\/wp-json\/wp\/v2\/types\/post"}],"author":[{"embeddable":true,"href":"https:\/\/www.gewandfantasien.de\/bloggen\/wp-json\/wp\/v2\/users\/754"}],"replies":[{"embeddable":true,"href":"https:\/\/www.gewandfantasien.de\/bloggen\/wp-json\/wp\/v2\/comments?post=1480"}],"version-history":[{"count":5,"href":"https:\/\/www.gewandfantasien.de\/bloggen\/wp-json\/wp\/v2\/posts\/1480\/revisions"}],"predecessor-version":[{"id":3175,"href":"https:\/\/www.gewandfantasien.de\/bloggen\/wp-json\/wp\/v2\/posts\/1480\/revisions\/3175"}],"wp:featuredmedia":[{"embeddable":true,"href":"https:\/\/www.gewandfantasien.de\/bloggen\/wp-json\/wp\/v2\/media\/1482"}],"wp:attachment":[{"href":"https:\/\/www.gewandfantasien.de\/bloggen\/wp-json\/wp\/v2\/media?parent=1480"}],"wp:term":[{"taxonomy":"category","embeddable":true,"href":"https:\/\/www.gewandfantasien.de\/bloggen\/wp-json\/wp\/v2\/categories?post=1480"},{"taxonomy":"post_tag","embeddable":true,"href":"https:\/\/www.gewandfantasien.de\/bloggen\/wp-json\/wp\/v2\/tags?post=1480"}],"curies":[{"name":"wp","href":"https:\/\/api.w.org\/{rel}","templated":true}]}}